{"id":9876,"date":"2026-04-01T13:52:10","date_gmt":"2026-04-01T10:52:10","guid":{"rendered":"https:\/\/rv1g.lv\/?p=9876"},"modified":"2026-04-01T13:52:10","modified_gmt":"2026-04-01T10:52:10","slug":"vizualas-un-vizuali-plastiskas-makslas-konkursa-te-sakas-mana-pasaule-laureati","status":"publish","type":"post","link":"https:\/\/rv1g.lv\/index.php\/2026\/04\/01\/vizualas-un-vizuali-plastiskas-makslas-konkursa-te-sakas-mana-pasaule-laureati\/","title":{"rendered":"Vizu\u0101l\u0101s un vizu\u0101li plastisk\u0101s m\u0101kslas konkursa \u201cTe s\u0101kas mana pasaule\u201d laure\u0101ti"},"content":{"rendered":"<p>R\u0113zeknes Valsts 1.\u0123imn\u0101zijas<\/p>\n<p>PATEIC\u012aBA<\/p>\n<p>9.klases skolniec\u0113m\u00a0<strong>Dominkai Letjagai, El\u012bzai Dundurei\u00a0<\/strong><\/p>\n<p>par ieg\u016bto\u00a0<strong>1.vietu<\/strong>,<\/p>\n<p>9.klases skolniecei\u00a0<strong>Anastasijai Slivinskai<\/strong>,<\/p>\n<p>7.klases skol\u0113niem\u00a0<strong>Lienei Kron\u012btei un Helmutam Supem<\/strong><\/p>\n<p>par ieg\u016bto\u00a0<strong>2.vietu<\/strong>,<\/p>\n<p>7.klases skolniecei P<strong>aulai Bo\u017eevniecei un Arianai Novikovai<\/strong><\/p>\n<p>par ieg\u016bto\u00a0<strong>3.vietu<\/strong><\/p>\n<p><strong>vizu\u0101l\u0101s plastisk\u0101s m\u0101kslas konkurs\u0101 &#8220;Te s\u0101kas mana pasaule&#8221;<\/strong>.<\/p>\n<p>Pateic\u012bba skolot\u0101jai\u00a0<strong>Svetlanai Patmalniecei<\/strong>\u00a0par ieguld\u012bjumu skol\u0113nu sagatavo\u0161an\u0101 konkursam.<\/p>\n","protected":false},"excerpt":{"rendered":"<p>R\u0113zeknes Valsts 1.\u0123imn\u0101zijas PATEIC\u012aBA 9.klases skolniec\u0113m\u00a0Dominkai Letjagai, El\u012bzai Dundurei\u00a0 par ieg\u016bto\u00a01.vietu, 9.klases skolniecei\u00a0Anastasijai Slivinskai, 7.klases skol\u0113niem\u00a0Lienei Kron\u012btei un Helmutam Supem par ieg\u016bto\u00a02.vietu, 7.klases skolniecei Paulai Bo\u017eevniecei un Arianai Novikovai par ieg\u016bto\u00a03.vietu vizu\u0101l\u0101s plastisk\u0101s m\u0101kslas konkurs\u0101 &#8220;Te s\u0101kas mana pasaule&#8221;. Pateic\u012bba skolot\u0101jai\u00a0Svetlanai Patmalniecei\u00a0par ieguld\u012bjumu skol\u0113nu sagatavo\u0161an\u0101 konkursam.<\/p>\n","protected":false},"author":4,"featured_media":0,"comment_status":"closed","ping_status":"closed","sticky":false,"template":"","format":"standard","meta":{"footnotes":""},"categories":[62],"tags":[],"class_list":["post-9876","post","type-post","status-publish","format-standard","hentry","category-jaunumi","post-no-thumbnail"],"_links":{"self":[{"href":"https:\/\/rv1g.lv\/index.php\/wp-json\/wp\/v2\/posts\/9876","targetHints":{"allow":["GET"]}}],"collection":[{"href":"https:\/\/rv1g.lv\/index.php\/wp-json\/wp\/v2\/posts"}],"about":[{"href":"https:\/\/rv1g.lv\/index.php\/wp-json\/wp\/v2\/types\/post"}],"author":[{"embeddable":true,"href":"https:\/\/rv1g.lv\/index.php\/wp-json\/wp\/v2\/users\/4"}],"replies":[{"embeddable":true,"href":"https:\/\/rv1g.lv\/index.php\/wp-json\/wp\/v2\/comments?post=9876"}],"version-history":[{"count":1,"href":"https:\/\/rv1g.lv\/index.php\/wp-json\/wp\/v2\/posts\/9876\/revisions"}],"predecessor-version":[{"id":9877,"href":"https:\/\/rv1g.lv\/index.php\/wp-json\/wp\/v2\/posts\/9876\/revisions\/9877"}],"wp:attachment":[{"href":"https:\/\/rv1g.lv\/index.php\/wp-json\/wp\/v2\/media?parent=9876"}],"wp:term":[{"taxonomy":"category","embeddable":true,"href":"https:\/\/rv1g.lv\/index.php\/wp-json\/wp\/v2\/categories?post=9876"},{"taxonomy":"post_tag","embeddable":true,"href":"https:\/\/rv1g.lv\/index.php\/wp-json\/wp\/v2\/tags?post=9876"}],"curies":[{"name":"wp","href":"https:\/\/api.w.org\/{rel}","templated":true}]}}