{"id":9269,"date":"2025-11-24T13:29:27","date_gmt":"2025-11-24T10:29:27","guid":{"rendered":"https:\/\/rv1g.lv\/?p=9269"},"modified":"2025-11-24T13:29:27","modified_gmt":"2025-11-24T10:29:27","slug":"attistam-darba-tirgu-nepieciesamas-prasmes","status":"publish","type":"post","link":"https:\/\/rv1g.lv\/index.php\/2025\/11\/24\/attistam-darba-tirgu-nepieciesamas-prasmes\/","title":{"rendered":"Att\u012bst\u0101m darba tirg\u016b nepiecie\u0161am\u0101s prasmes"},"content":{"rendered":"<div id='gallery-1' class='gallery galleryid-9269 gallery-columns-4 gallery-size-thumbnail'><figure class='gallery-item'>\n\t\t\t<div class='gallery-icon portrait'>\n\t\t\t\t<a href='https:\/\/rv1g.lv\/wp-content\/uploads\/2025\/11\/ARPC_2-scaled.jpg'><img decoding=\"async\" width=\"150\" height=\"150\" src=\"https:\/\/rv1g.lv\/wp-content\/uploads\/2025\/11\/ARPC_2-150x150.jpg\" class=\"attachment-thumbnail size-thumbnail\" alt=\"\" \/><\/a>\n\t\t\t<\/div><\/figure><figure class='gallery-item'>\n\t\t\t<div class='gallery-icon portrait'>\n\t\t\t\t<a href='https:\/\/rv1g.lv\/wp-content\/uploads\/2025\/11\/ARPC_3-scaled.jpg'><img decoding=\"async\" width=\"150\" height=\"150\" src=\"https:\/\/rv1g.lv\/wp-content\/uploads\/2025\/11\/ARPC_3-150x150.jpg\" class=\"attachment-thumbnail size-thumbnail\" alt=\"\" \/><\/a>\n\t\t\t<\/div><\/figure><figure class='gallery-item'>\n\t\t\t<div class='gallery-icon portrait'>\n\t\t\t\t<a href='https:\/\/rv1g.lv\/wp-content\/uploads\/2025\/11\/ARPC_4-scaled.jpg'><img decoding=\"async\" width=\"150\" height=\"150\" src=\"https:\/\/rv1g.lv\/wp-content\/uploads\/2025\/11\/ARPC_4-150x150.jpg\" class=\"attachment-thumbnail size-thumbnail\" alt=\"\" \/><\/a>\n\t\t\t<\/div><\/figure>\n\t\t<\/div>\n\n<p><em>Ar m\u0113r\u0137i att\u012bst\u012bt sevis prezent\u0113\u0161anas prasmes, veicin\u0101t klases kolekt\u012bva salied\u0113\u0161anos <strong>7.d klases<\/strong> skol\u0113niem 24.novembr\u012b \u00a0tika organiz\u0113ta nodarb\u012bba , ko vad\u012bja ARPC \u201cZeimu\u013cs\u201d jaunatnes lietu speci\u0101liste \u00a0<strong>Eleonora Ivanova.<\/strong><\/em><\/p>\n<p><em>Skol\u0113ni secin\u0101ja, ka nav vienk\u0101r\u0161i \u012bs\u0101 laika spr\u012bd\u012b raksturot sevi, past\u0101st\u012bt par saviem sasniegumiem, hobijiem. \u0160is uzdevums prasa labas valodas zin\u0101\u0161anas, koncentr\u0113\u0161anos un uzman\u012bbu.<\/em><\/p>\n<p><em>Savuk\u0101rt darbs grup\u0101s sekm\u0113ja skol\u0113nu salied\u0113\u0161anos, veicin\u0101ja labu noska\u0146ojumu un rad\u012bja daudz pozit\u012bvu emociju.<\/em><\/p>\n<p><em>Nodarb\u012bbas nosl\u0113gum\u0101 skol\u0113ni sa\u0146\u0113ma sava veida d\u0101vanu, ko uzmeistaroja pa\u0161i- pogu, ar kuras pal\u012bdz\u012bbu izsp\u0113l\u0113ja \u201cpogas dancin\u0101\u0161anas aktivit\u0101ti\u201d!<\/em><\/p>\n<p><em>\u00a0<\/em><em>Paldies ARPC par sadarb\u012bbu!<\/em><\/p>\n","protected":false},"excerpt":{"rendered":"<p>Ar m\u0113r\u0137i att\u012bst\u012bt sevis prezent\u0113\u0161anas prasmes, veicin\u0101t klases kolekt\u012bva salied\u0113\u0161anos 7.d klases skol\u0113niem 24.novembr\u012b \u00a0tika organiz\u0113ta nodarb\u012bba , ko vad\u012bja ARPC \u201cZeimu\u013cs\u201d jaunatnes lietu speci\u0101liste \u00a0Eleonora Ivanova. Skol\u0113ni secin\u0101ja, ka nav vienk\u0101r\u0161i \u012bs\u0101 laika spr\u012bd\u012b raksturot sevi, past\u0101st\u012bt par saviem sasniegumiem, hobijiem. \u0160is uzdevums prasa labas valodas zin\u0101\u0161anas, koncentr\u0113\u0161anos un uzman\u012bbu. Savuk\u0101rt darbs grup\u0101s sekm\u0113ja skol\u0113nu salied\u0113\u0161anos, veicin\u0101ja labu noska\u0146ojumu un rad\u012bja daudz pozit\u012bvu emociju. Nodarb\u012bbas nosl\u0113gum\u0101 skol\u0113ni sa\u0146\u0113ma sava veida d\u0101vanu, ko uzmeistaroja pa\u0161i- pogu, ar kuras pal\u012bdz\u012bbu izsp\u0113l\u0113ja \u201cpogas dancin\u0101\u0161anas aktivit\u0101ti\u201d! \u00a0Paldies ARPC par sadarb\u012bbu!<\/p>\n","protected":false},"author":5,"featured_media":9273,"comment_status":"closed","ping_status":"closed","sticky":false,"template":"","format":"standard","meta":{"footnotes":""},"categories":[61],"tags":[],"class_list":["post-9269","post","type-post","status-publish","format-standard","has-post-thumbnail","hentry","category-karjeras-izglitiba"],"_links":{"self":[{"href":"https:\/\/rv1g.lv\/index.php\/wp-json\/wp\/v2\/posts\/9269","targetHints":{"allow":["GET"]}}],"collection":[{"href":"https:\/\/rv1g.lv\/index.php\/wp-json\/wp\/v2\/posts"}],"about":[{"href":"https:\/\/rv1g.lv\/index.php\/wp-json\/wp\/v2\/types\/post"}],"author":[{"embeddable":true,"href":"https:\/\/rv1g.lv\/index.php\/wp-json\/wp\/v2\/users\/5"}],"replies":[{"embeddable":true,"href":"https:\/\/rv1g.lv\/index.php\/wp-json\/wp\/v2\/comments?post=9269"}],"version-history":[{"count":1,"href":"https:\/\/rv1g.lv\/index.php\/wp-json\/wp\/v2\/posts\/9269\/revisions"}],"predecessor-version":[{"id":9275,"href":"https:\/\/rv1g.lv\/index.php\/wp-json\/wp\/v2\/posts\/9269\/revisions\/9275"}],"wp:featuredmedia":[{"embeddable":true,"href":"https:\/\/rv1g.lv\/index.php\/wp-json\/wp\/v2\/media\/9273"}],"wp:attachment":[{"href":"https:\/\/rv1g.lv\/index.php\/wp-json\/wp\/v2\/media?parent=9269"}],"wp:term":[{"taxonomy":"category","embeddable":true,"href":"https:\/\/rv1g.lv\/index.php\/wp-json\/wp\/v2\/categories?post=9269"},{"taxonomy":"post_tag","embeddable":true,"href":"https:\/\/rv1g.lv\/index.php\/wp-json\/wp\/v2\/tags?post=9269"}],"curies":[{"name":"wp","href":"https:\/\/api.w.org\/{rel}","templated":true}]}}