{"id":8458,"date":"2025-03-26T10:14:15","date_gmt":"2025-03-26T07:14:15","guid":{"rendered":"http:\/\/rv1g.lv\/?p=8458"},"modified":"2026-04-06T20:19:49","modified_gmt":"2026-04-06T17:19:49","slug":"erasmusprojekta-dalibnieku-mobilitates-spanija","status":"publish","type":"post","link":"https:\/\/rv1g.lv\/index.php\/2025\/03\/26\/erasmusprojekta-dalibnieku-mobilitates-spanija\/","title":{"rendered":"Erasmus+projekta dal\u012bbnieku mobilit\u0101tes Sp\u0101nij\u0101"},"content":{"rendered":"<p>Saska\u0146\u0101 ar Valsts izgl\u012bt\u012bbas att\u012bst\u012bbas a\u0123ent\u016bras apstiprin\u0101to l\u012bgumu atbilsto\u0161i Eiropas Savien\u012bbas Erasmus+ programmas Pamatdarb\u012bbas Nr.2 (KA2) \u201cPartner\u012bbas sadarb\u012bbai\u201d Maza m\u0113roga partner\u012bbu projekta \u201cZa\u013c\u0101 atsl\u0113ga dz\u012bvei un m\u0101c\u012bb\u0101m\u201d aktivit\u0101\u0161u pl\u0101nu un Sp\u0101nijas izgl\u012bt\u012bbas iest\u0101des, projekta partnerskolas IES Princesa Galiana uzaicin\u0101jumu un sagatavoto uz\u0146em\u0161anas programmu no 2025.gada 16.l\u012bdz 21.martam projekta darba grupas skolot\u0101jas &#8211; ang\u013cu valodas skolot\u0101ja Ga\u013cina Ska\u010dkova, fizikas skolot\u0101ja Ilze Maksimova, \u0137\u012bmijas skolot\u0101ja Maruta Ladus\u0101ne &#8211; un 12.klases izgl\u012btojamie, projekta darba grupas p\u0101rst\u0101vji \u2013 Amanda Ludbor\u017ea, Kristi\u0101na Pastare, Juris L\u0101\u010daunieks, Raivis Z\u0101\u0123eris, Ren\u0101rs Grudinskis un Elizabete Ska\u010dkova &#8211; piedal\u012bj\u0101s mobilit\u0101t\u0113s Sp\u0101nij\u0101.Projekt\u0101 piedal\u012bj\u0101s ar\u012b Grie\u0137ijas skolu projekta dal\u012bbnieki.<br \/>\nAktivit\u0101\u0161u pl\u0101n\u0101 tika iek\u013cautas daudzas norises &#8211; meistardarbn\u012bca, grupu darbs, prezent\u0113\u0161ana, \u0101ra nodarb\u012bbas un ekskursijas. Projekta t\u0113mas v\u0113rstas uz materi\u0101lu izveidi, p\u0113t\u012bjumu un laboratorijas darbu veik\u0161anu par vides izgl\u012bt\u012bbas un Za\u013c\u0101 kursa strat\u0113\u0123ijas jaut\u0101jumiem.Eiropas Za\u013c\u0101 kursa r\u012bc\u012bbpolitikas jomas ir klimata izmai\u0146u nov\u0113r\u0161ana, t\u012bra ener\u0123ija, ilgtsp\u0113j\u012bga b\u016bvniec\u012bba un r\u016bpniec\u012bba, biolo\u0123isk\u0101 daudzveid\u012bba, atkritumu \u0161\u0137iro\u0161ana, paradumu un izpratnes mai\u0146a.<br \/>\nProjekta pas\u0101kumi un mobilit\u0101tes tiek \u012bstenotas ar Eiropas Savien\u012bbas atbalstu un pie\u0161\u0137irto finans\u0113jumu.<br \/>\n<img fetchpriority=\"high\" decoding=\"async\" class=\"alignnone size-medium wp-image-8460\" src=\"http:\/\/rv1g.lv\/wp-content\/uploads\/2025\/03\/PHOTO-2025-03-21-22-23-35_2-225x300.jpg\" alt=\"\" width=\"225\" height=\"300\" srcset=\"https:\/\/rv1g.lv\/wp-content\/uploads\/2025\/03\/PHOTO-2025-03-21-22-23-35_2-225x300.jpg 225w, https:\/\/rv1g.lv\/wp-content\/uploads\/2025\/03\/PHOTO-2025-03-21-22-23-35_2-768x1024.jpg 768w, https:\/\/rv1g.lv\/wp-content\/uploads\/2025\/03\/PHOTO-2025-03-21-22-23-35_2-1152x1536.jpg 1152w, https:\/\/rv1g.lv\/wp-content\/uploads\/2025\/03\/PHOTO-2025-03-21-22-23-35_2.jpg 1200w\" sizes=\"(max-width: 225px) 100vw, 225px\" \/><br \/>\n<img decoding=\"async\" class=\"alignnone size-medium wp-image-8461\" src=\"http:\/\/rv1g.lv\/wp-content\/uploads\/2025\/03\/PHOTO-2025-03-21-22-23-33_3-300x225.jpg\" alt=\"\" width=\"300\" height=\"225\" srcset=\"https:\/\/rv1g.lv\/wp-content\/uploads\/2025\/03\/PHOTO-2025-03-21-22-23-33_3-300x225.jpg 300w, https:\/\/rv1g.lv\/wp-content\/uploads\/2025\/03\/PHOTO-2025-03-21-22-23-33_3-1024x768.jpg 1024w, https:\/\/rv1g.lv\/wp-content\/uploads\/2025\/03\/PHOTO-2025-03-21-22-23-33_3-768x576.jpg 768w, https:\/\/rv1g.lv\/wp-content\/uploads\/2025\/03\/PHOTO-2025-03-21-22-23-33_3-1536x1152.jpg 1536w, https:\/\/rv1g.lv\/wp-content\/uploads\/2025\/03\/PHOTO-2025-03-21-22-23-33_3.jpg 1600w\" sizes=\"(max-width: 300px) 100vw, 300px\" \/><\/p>\n<p><img decoding=\"async\" class=\"alignnone size-medium wp-image-9012\" src=\"http:\/\/rv1g.lv\/wp-content\/uploads\/2025\/10\/lv-lidzfinanse-eiropas-savieniba_pos_0-300x63.png\" alt=\"\" width=\"300\" height=\"63\" srcset=\"https:\/\/rv1g.lv\/wp-content\/uploads\/2025\/10\/lv-lidzfinanse-eiropas-savieniba_pos_0-300x63.png 300w, https:\/\/rv1g.lv\/wp-content\/uploads\/2025\/10\/lv-lidzfinanse-eiropas-savieniba_pos_0-1024x215.png 1024w, https:\/\/rv1g.lv\/wp-content\/uploads\/2025\/10\/lv-lidzfinanse-eiropas-savieniba_pos_0-768x161.png 768w, https:\/\/rv1g.lv\/wp-content\/uploads\/2025\/10\/lv-lidzfinanse-eiropas-savieniba_pos_0-1536x322.png 1536w, https:\/\/rv1g.lv\/wp-content\/uploads\/2025\/10\/lv-lidzfinanse-eiropas-savieniba_pos_0-2048x430.png 2048w\" sizes=\"(max-width: 300px) 100vw, 300px\" \/><\/p>\n<p>Finans\u0113 Eiropas Savien\u012bba. Tom\u0113r paustie uzskati un viedok\u013ci ir tikai autora(-u) uzskati un viedok\u013ci un ne vienm\u0113r atspogu\u013co Eiropas Savien\u012bbas vai Valsts izgl\u012bt\u012bbas un att\u012bst\u012bbas a\u0123ent\u016bras (VIAA) uzskatus un viedok\u013cus. Ne Eiropas Savien\u012bbu, ne pie\u0161\u0137\u012br\u0113ju iest\u0101di VIAA nevar saukt pie atbild\u012bbas par tiem.<\/p>\n<p>Inform\u0101ciju sagatavoja projekta koordinatore Anita Deksne<\/p>\n","protected":false},"excerpt":{"rendered":"<p>Saska\u0146\u0101 ar Valsts izgl\u012bt\u012bbas att\u012bst\u012bbas a\u0123ent\u016bras apstiprin\u0101to l\u012bgumu atbilsto\u0161i Eiropas Savien\u012bbas Erasmus+ programmas Pamatdarb\u012bbas Nr.2 (KA2) \u201cPartner\u012bbas sadarb\u012bbai\u201d Maza m\u0113roga partner\u012bbu projekta \u201cZa\u013c\u0101 atsl\u0113ga dz\u012bvei un m\u0101c\u012bb\u0101m\u201d aktivit\u0101\u0161u pl\u0101nu un Sp\u0101nijas izgl\u012bt\u012bbas iest\u0101des, projekta partnerskolas IES Princesa Galiana uzaicin\u0101jumu un sagatavoto uz\u0146em\u0161anas programmu no 2025.gada 16.l\u012bdz 21.martam projekta darba grupas skolot\u0101jas &#8211; ang\u013cu valodas skolot\u0101ja Ga\u013cina Ska\u010dkova, fizikas skolot\u0101ja Ilze Maksimova, \u0137\u012bmijas skolot\u0101ja Maruta Ladus\u0101ne &#8211; un 12.klases izgl\u012btojamie, projekta darba grupas p\u0101rst\u0101vji \u2013 Amanda Ludbor\u017ea, Kristi\u0101na Pastare, Juris L\u0101\u010daunieks, Raivis Z\u0101\u0123eris, Ren\u0101rs Grudinskis un Elizabete Ska\u010dkova &#8211; piedal\u012bj\u0101s mobilit\u0101t\u0113s Sp\u0101nij\u0101.Projekt\u0101 piedal\u012bj\u0101s ar\u012b Grie\u0137ijas skolu projekta dal\u012bbnieki. Aktivit\u0101\u0161u pl\u0101n\u0101 tika iek\u013cautas daudzas norises &#8211; meistardarbn\u012bca, grupu darbs, prezent\u0113\u0161ana, \u0101ra nodarb\u012bbas un ekskursijas. Projekta t\u0113mas v\u0113rstas uz materi\u0101lu izveidi, p\u0113t\u012bjumu un laboratorijas darbu veik\u0161anu par vides izgl\u012bt\u012bbas un Za\u013c\u0101 kursa strat\u0113\u0123ijas jaut\u0101jumiem.Eiropas Za\u013c\u0101 kursa r\u012bc\u012bbpolitikas jomas ir klimata izmai\u0146u nov\u0113r\u0161ana, t\u012bra ener\u0123ija, ilgtsp\u0113j\u012bga b\u016bvniec\u012bba un r\u016bpniec\u012bba, biolo\u0123isk\u0101 daudzveid\u012bba, atkritumu \u0161\u0137iro\u0161ana, paradumu un izpratnes mai\u0146a. Projekta pas\u0101kumi un mobilit\u0101tes tiek \u012bstenotas ar Eiropas Savien\u012bbas atbalstu un pie\u0161\u0137irto finans\u0113jumu. Finans\u0113 Eiropas Savien\u012bba. Tom\u0113r paustie uzskati un viedok\u013ci ir tikai autora(-u) uzskati un viedok\u013ci un ne vienm\u0113r atspogu\u013co Eiropas Savien\u012bbas vai Valsts izgl\u012bt\u012bbas un att\u012bst\u012bbas a\u0123ent\u016bras (VIAA) uzskatus un viedok\u013cus. Ne Eiropas Savien\u012bbu, ne pie\u0161\u0137\u012br\u0113ju iest\u0101di VIAA nevar saukt pie atbild\u012bbas par tiem. Inform\u0101ciju sagatavoja projekta koordinatore Anita Deksne<\/p>\n","protected":false},"author":4,"featured_media":8459,"comment_status":"closed","ping_status":"closed","sticky":false,"template":"","format":"standard","meta":{"footnotes":""},"categories":[62],"tags":[],"class_list":["post-8458","post","type-post","status-publish","format-standard","has-post-thumbnail","hentry","category-jaunumi"],"_links":{"self":[{"href":"https:\/\/rv1g.lv\/index.php\/wp-json\/wp\/v2\/posts\/8458","targetHints":{"allow":["GET"]}}],"collection":[{"href":"https:\/\/rv1g.lv\/index.php\/wp-json\/wp\/v2\/posts"}],"about":[{"href":"https:\/\/rv1g.lv\/index.php\/wp-json\/wp\/v2\/types\/post"}],"author":[{"embeddable":true,"href":"https:\/\/rv1g.lv\/index.php\/wp-json\/wp\/v2\/users\/4"}],"replies":[{"embeddable":true,"href":"https:\/\/rv1g.lv\/index.php\/wp-json\/wp\/v2\/comments?post=8458"}],"version-history":[{"count":6,"href":"https:\/\/rv1g.lv\/index.php\/wp-json\/wp\/v2\/posts\/8458\/revisions"}],"predecessor-version":[{"id":9934,"href":"https:\/\/rv1g.lv\/index.php\/wp-json\/wp\/v2\/posts\/8458\/revisions\/9934"}],"wp:featuredmedia":[{"embeddable":true,"href":"https:\/\/rv1g.lv\/index.php\/wp-json\/wp\/v2\/media\/8459"}],"wp:attachment":[{"href":"https:\/\/rv1g.lv\/index.php\/wp-json\/wp\/v2\/media?parent=8458"}],"wp:term":[{"taxonomy":"category","embeddable":true,"href":"https:\/\/rv1g.lv\/index.php\/wp-json\/wp\/v2\/categories?post=8458"},{"taxonomy":"post_tag","embeddable":true,"href":"https:\/\/rv1g.lv\/index.php\/wp-json\/wp\/v2\/tags?post=8458"}],"curies":[{"name":"wp","href":"https:\/\/api.w.org\/{rel}","templated":true}]}}