{"id":8320,"date":"2025-01-30T14:20:04","date_gmt":"2025-01-30T11:20:04","guid":{"rendered":"http:\/\/rv1g.lv\/?p=8320"},"modified":"2025-01-30T14:20:04","modified_gmt":"2025-01-30T11:20:04","slug":"baff-lideribas-akademija-zeme-kura-piepildas-sapni","status":"publish","type":"post","link":"https:\/\/rv1g.lv\/index.php\/2025\/01\/30\/baff-lideribas-akademija-zeme-kura-piepildas-sapni\/","title":{"rendered":"BAFF L\u012bder\u012bbas Akad\u0113mija | Zeme, kur\u0101 piepild\u0101s sap\u0146i"},"content":{"rendered":"<p>&nbsp;<\/p>\n<p>Par pieredzi, piedaloties BAFF L\u012bder\u012bbas akad\u0113mij\u0101,\u00a0 st\u0101sta <strong>Paula Esmeralda Deksne.<\/strong><\/p>\n<p><strong>Kas ir BAFF L\u012bder\u012bbas akad\u0113mija?<\/strong><\/p>\n<p>T\u0101 ir konkursa programma <strong>11. kla\u0161u skol\u0113niem<\/strong>, kuriem piem\u012bt entuziasms, m\u0113r\u0137tiec\u012bba un v\u0113lme pilnveidot savu person\u012bbu. Pal\u012bdzot izstr\u0101d\u0101t katram savu projekta ideju, programmas pasniedz\u0113ji no ASV veicin\u0101s interesi par inov\u0101cij\u0101m, iedvesmos un iedro\u0161in\u0101s jaunie\u0161us realiz\u0113t savu l\u012bdera potenci\u0101lu. Akad\u0113mija tiks organiz\u0113ta ASV pils\u0113t\u0101 Portlend\u0101, Meinas \u0161tat\u0101, kur jaunie\u0161i kop\u0101 ar vienaud\u017eiem no Igaunijas un Lietuvas tr\u012bs ned\u0113\u013cas pavad\u012bs universit\u0101tes pils\u0113ti\u0146\u0101, lai apg\u016btu l\u012bder\u012bbas prasmju kursu, piedal\u012btos izaugsmes treni\u0146os, k\u0101 ar\u012b iepaz\u012btu ASV vidi un kult\u016bru. P\u0113c apm\u0101c\u012bb\u0101m skol\u0113niem tiks organiz\u0113ta ekskursiju programma uz \u0145ujorku un ASV galvaspils\u0113tu Va\u0161ingtonu, g\u016bstot pla\u0161\u0101ku ieskatu ASV kult\u016br\u0101, v\u0113stur\u0113 un uz\u0146\u0113m\u0113jdarb\u012bb\u0101. Programma tiks organiz\u0113ta <strong>no 14. j\u016blija l\u012bdz 5. augustam.<\/strong> Dal\u012bba <em>BAFF L\u012bder\u012bbas Akad\u0113mij\u0101<\/em> skol\u0113niem ir<strong> bez maksas. <\/strong>BAFF segs visus skol\u0113nu ce\u013co\u0161anas, dz\u012bvesvietas, \u0113din\u0101\u0161anas, vesel\u012bbas apdro\u0161in\u0101\u0161anas un transporta izdevumus.<\/p>\n<p>Lai piedal\u012btos konkurs\u0101, skol\u0113nam <strong>l\u012bdz 2025. gada 9. febru\u0101rim <\/strong>j\u0101aizpilda pieteikuma anketa ang\u013cu valod\u0101 par t\u0113mu <em>Leading the Future <\/em>jeb vadot n\u0101kotni, j\u0101sagatavo atbildes ar l\u012bder\u012bbu un motiv\u0101ciju saist\u012btiem jaut\u0101jumiem un j\u0101nor\u0101da vid\u0113jais v\u0113rt\u0113jums skol\u0101. Lab\u0101kie kandid\u0101ti tiks aicin\u0101ti uz otro k\u0101rtu, interviju, kuras laik\u0101 tiks izv\u0113l\u0113ti t\u0101 gada programmas dal\u012bbnieki. Pieteikties dal\u012bbai L\u012bder\u012bbas Akad\u0113mij\u0101 tiek aicin\u0101ti jaunie\u0161i no visas Latvijas, kas ir m\u0113r\u0137tiec\u012bgi, zin\u0101tk\u0101ri, ar lab\u0101m sekm\u0113m skol\u0101 un kas v\u0113las ielikt sp\u0113c\u012bgu pamatu n\u0101kotnes karjerai.<\/p>\n<p>Pla\u0161\u0101ks ieskats konkursa nosac\u012bjumos un pieteik\u0161an\u0101s programmai BAFF L\u012bder\u012bbas Akad\u0113mija fonda m\u0101jaslap\u0101: <a href=\"https:\/\/www.balticamericanfreedomfoundation.org\/programs\/leadership-academy\">https:\/\/www.balticamericanfreedomfoundation.org\/programs\/leadership-academy<\/a><\/p>\n<p><strong>Ja rodas jaut\u0101jumi vai interese<\/strong>, dro\u0161i var jaut\u0101t <strong>Paulai Esmeraldai\u00a0 Deksnei un Amandai Ludbor\u017eai<\/strong> !<\/p>\n<p><strong>\u00a0<\/strong><\/p>\n","protected":false},"excerpt":{"rendered":"<p>&nbsp; Par pieredzi, piedaloties BAFF L\u012bder\u012bbas akad\u0113mij\u0101,\u00a0 st\u0101sta Paula Esmeralda Deksne. Kas ir BAFF L\u012bder\u012bbas akad\u0113mija? T\u0101 ir konkursa programma 11. kla\u0161u skol\u0113niem, kuriem piem\u012bt entuziasms, m\u0113r\u0137tiec\u012bba un v\u0113lme pilnveidot savu person\u012bbu. Pal\u012bdzot izstr\u0101d\u0101t katram savu projekta ideju, programmas pasniedz\u0113ji no ASV veicin\u0101s interesi par inov\u0101cij\u0101m, iedvesmos un iedro\u0161in\u0101s jaunie\u0161us realiz\u0113t savu l\u012bdera potenci\u0101lu. Akad\u0113mija tiks organiz\u0113ta ASV pils\u0113t\u0101 Portlend\u0101, Meinas \u0161tat\u0101, kur jaunie\u0161i kop\u0101 ar vienaud\u017eiem no Igaunijas un Lietuvas tr\u012bs ned\u0113\u013cas pavad\u012bs universit\u0101tes pils\u0113ti\u0146\u0101, lai apg\u016btu l\u012bder\u012bbas prasmju kursu, piedal\u012btos izaugsmes treni\u0146os, k\u0101 ar\u012b iepaz\u012btu ASV vidi un kult\u016bru. P\u0113c apm\u0101c\u012bb\u0101m skol\u0113niem tiks organiz\u0113ta ekskursiju programma uz \u0145ujorku un ASV galvaspils\u0113tu Va\u0161ingtonu, g\u016bstot pla\u0161\u0101ku ieskatu ASV kult\u016br\u0101, v\u0113stur\u0113 un uz\u0146\u0113m\u0113jdarb\u012bb\u0101. Programma tiks organiz\u0113ta no 14. j\u016blija l\u012bdz 5. augustam. Dal\u012bba BAFF L\u012bder\u012bbas Akad\u0113mij\u0101 skol\u0113niem ir bez maksas. BAFF segs visus skol\u0113nu ce\u013co\u0161anas, dz\u012bvesvietas, \u0113din\u0101\u0161anas, vesel\u012bbas apdro\u0161in\u0101\u0161anas un transporta izdevumus. Lai piedal\u012btos konkurs\u0101, skol\u0113nam l\u012bdz 2025. gada 9. febru\u0101rim j\u0101aizpilda pieteikuma anketa ang\u013cu valod\u0101 par t\u0113mu Leading the Future jeb vadot n\u0101kotni, j\u0101sagatavo atbildes ar l\u012bder\u012bbu un motiv\u0101ciju saist\u012btiem jaut\u0101jumiem un j\u0101nor\u0101da vid\u0113jais v\u0113rt\u0113jums skol\u0101. Lab\u0101kie kandid\u0101ti tiks aicin\u0101ti uz otro k\u0101rtu, interviju, kuras laik\u0101 tiks izv\u0113l\u0113ti t\u0101 gada programmas dal\u012bbnieki. Pieteikties dal\u012bbai L\u012bder\u012bbas Akad\u0113mij\u0101 tiek aicin\u0101ti jaunie\u0161i no visas Latvijas, kas ir m\u0113r\u0137tiec\u012bgi, zin\u0101tk\u0101ri, ar lab\u0101m sekm\u0113m skol\u0101 un kas v\u0113las ielikt sp\u0113c\u012bgu pamatu n\u0101kotnes karjerai. Pla\u0161\u0101ks ieskats konkursa nosac\u012bjumos un pieteik\u0161an\u0101s programmai BAFF L\u012bder\u012bbas Akad\u0113mija fonda m\u0101jaslap\u0101: https:\/\/www.balticamericanfreedomfoundation.org\/programs\/leadership-academy Ja rodas jaut\u0101jumi vai interese, dro\u0161i var jaut\u0101t Paulai Esmeraldai\u00a0 Deksnei un Amandai Ludbor\u017eai ! \u00a0<\/p>\n","protected":false},"author":5,"featured_media":8321,"comment_status":"closed","ping_status":"closed","sticky":false,"template":"","format":"standard","meta":{"footnotes":""},"categories":[61],"tags":[],"class_list":["post-8320","post","type-post","status-publish","format-standard","has-post-thumbnail","hentry","category-karjeras-izglitiba"],"_links":{"self":[{"href":"https:\/\/rv1g.lv\/index.php\/wp-json\/wp\/v2\/posts\/8320","targetHints":{"allow":["GET"]}}],"collection":[{"href":"https:\/\/rv1g.lv\/index.php\/wp-json\/wp\/v2\/posts"}],"about":[{"href":"https:\/\/rv1g.lv\/index.php\/wp-json\/wp\/v2\/types\/post"}],"author":[{"embeddable":true,"href":"https:\/\/rv1g.lv\/index.php\/wp-json\/wp\/v2\/users\/5"}],"replies":[{"embeddable":true,"href":"https:\/\/rv1g.lv\/index.php\/wp-json\/wp\/v2\/comments?post=8320"}],"version-history":[{"count":1,"href":"https:\/\/rv1g.lv\/index.php\/wp-json\/wp\/v2\/posts\/8320\/revisions"}],"predecessor-version":[{"id":8322,"href":"https:\/\/rv1g.lv\/index.php\/wp-json\/wp\/v2\/posts\/8320\/revisions\/8322"}],"wp:featuredmedia":[{"embeddable":true,"href":"https:\/\/rv1g.lv\/index.php\/wp-json\/wp\/v2\/media\/8321"}],"wp:attachment":[{"href":"https:\/\/rv1g.lv\/index.php\/wp-json\/wp\/v2\/media?parent=8320"}],"wp:term":[{"taxonomy":"category","embeddable":true,"href":"https:\/\/rv1g.lv\/index.php\/wp-json\/wp\/v2\/categories?post=8320"},{"taxonomy":"post_tag","embeddable":true,"href":"https:\/\/rv1g.lv\/index.php\/wp-json\/wp\/v2\/tags?post=8320"}],"curies":[{"name":"wp","href":"https:\/\/api.w.org\/{rel}","templated":true}]}}