{"id":8122,"date":"2024-12-05T11:26:10","date_gmt":"2024-12-05T08:26:10","guid":{"rendered":"http:\/\/rv1g.lv\/?p=8122"},"modified":"2024-12-05T11:36:00","modified_gmt":"2024-12-05T08:36:00","slug":"eiropas-parlamenta-apmeklejums-strasbura","status":"publish","type":"post","link":"https:\/\/rv1g.lv\/index.php\/2024\/12\/05\/eiropas-parlamenta-apmeklejums-strasbura\/","title":{"rendered":"Eiropas Parlamenta apmekl\u0113jums Strasb\u016br\u0101"},"content":{"rendered":"<p><div id='gallery-1' class='gallery galleryid-8122 gallery-columns-4 gallery-size-thumbnail'><figure class='gallery-item'>\n\t\t\t<div class='gallery-icon landscape'>\n\t\t\t\t<a href='https:\/\/rv1g.lv\/wp-content\/uploads\/2024\/12\/4.jpeg'><img decoding=\"async\" width=\"150\" height=\"150\" src=\"https:\/\/rv1g.lv\/wp-content\/uploads\/2024\/12\/4-150x150.jpeg\" class=\"attachment-thumbnail size-thumbnail\" alt=\"\" \/><\/a>\n\t\t\t<\/div><\/figure>\n\t\t<\/div>\nR\u0113zeknes Valsts 1. \u0123imn\u0101zijas skol\u0113niem un skolot\u0101j\u0101m Elzai P\u0101\u017eai un Indrai Gail\u012btei bija unik\u0101la iesp\u0113ja piedal\u012bties &#8220;Euroscola&#8221; pas\u0101kum\u0101, kas notika Eiropas Parlament\u0101 Strasb\u016br\u0101. \u0160is pas\u0101kums pulc\u0113 jaunie\u0161us no da\u017e\u0101d\u0101m Eiropas Savien\u012bbas valst\u012bm, sniedzot iesp\u0113ju iejusties Eiropas Parlamenta deput\u0101tu lom\u0101.<br \/>\nDal\u012bba pas\u0101kum\u0101 &#8220;Euroscola&#8221; att\u012bst\u012bja skol\u0113nu prasmes vair\u0101kos l\u012bme\u0146os. Deba\u0161u, argument\u0101cijas un sadarb\u012bbas iema\u0146as tika pilnveidotas, str\u0101d\u0101jot kop\u0101 ar vienaud\u017eiem no cit\u0101m valst\u012bm, risinot aktu\u0101lus Eiropas m\u0113roga jaut\u0101jumus un mekl\u0113jot risin\u0101jumus kop\u012bgiem izaicin\u0101jumiem. Diskusiju laik\u0101 skol\u0113ni saprata, cik noz\u012bm\u012bga ir cie\u0146a pret da\u017e\u0101diem viedok\u013ciem un kult\u016br\u0101m, k\u0101 ar\u012b sp\u0113ja pie\u0146emt p\u0101rdom\u0101tus l\u0113mumus.<br \/>\n\u0160is brauciens bija ne tikai v\u0113rt\u012bgs akad\u0113miski, bet ar\u012b person\u012bbas izaugsmei. Skol\u0113ni iem\u0101c\u012bj\u0101s uz\u0146emties iniciat\u012bvu, b\u016bt atbild\u012bgiem un izprast demokr\u0101tijas pamatprincipus praks\u0113. Apmekl\u0113jot Eiropas Parlamentu, vi\u0146i guva dzi\u013c\u0101ku izpratni par l\u0113mumu pie\u0146em\u0161anas procesiem Eiropas Savien\u012bb\u0101 un katra pilso\u0146a lomu \u0161aj\u0101 sist\u0113m\u0101.<br \/>\n&#8220;Euroscola&#8221; bija ar\u012b neaizmirstams kult\u016bras piedz\u012bvojums. M\u016bsu skol\u0113ni iepazina (27.11.2024.-02.12.2024.)gan Strasb\u016bras, gan citu valstu v\u0113sturi un kult\u016bru, k\u0101 ar\u012b izveidoja jaunus draudz\u012bbas kontaktus ar jaunie\u0161iem no visas Eiropas. \u0160\u012b pieredze veicin\u0101ja pieder\u012bbas saj\u016btu Eiropai un stiprin\u0101ja vi\u0146u izpratni par kop\u012bg\u0101m v\u0113rt\u012bb\u0101m. <\/p>\n<p>Skol\u0113nu atzi\u0146as par dal\u012bbu pas\u0101kum\u0101 \u201cEuroscola\u201d.<\/p>\n<p>M\u0101rti\u0146\u0161 Mika\u017e\u0101ns: \u201cMani iespaidi par &#8220;Euroscola&#8221; pas\u0101kumu jaunie\u0161iem Eiropas Parlament\u0101 ir fantastiski. Ieejot parlamenta \u0113k\u0101, p\u0101r\u0146\u0113ma saj\u016bta, ka atrodos \u013coti noz\u012bm\u012bg\u0101 viet\u0101, kur tiek risin\u0101tas nopietnas politiskas debates un izstr\u0101d\u0101ti strat\u0113\u0123iski l\u0113mumi.\u201d<\/p>\n<p>Paula Duka\u013cska: \u201cPas\u0101kum\u0101 lab\u0101k sapratu, k\u0101 visp\u0101r str\u0101d\u0101 Eiropas Parlaments un ka l\u0113mumus pie\u0146emt nav nemaz tik viegli, tas ir nopietns process.\u201d<\/p>\n<p>Krist\u012bne Kra\u010dus: \u201cBrauciens bija \u013coti v\u0113rt\u012bgs, jo tas \u013c\u0101va raudz\u012bties uz da\u017e\u0101du valstu kult\u016bru, k\u0101 ar\u012b apskat\u012bt citu valstu arhitekt\u016bru, iepaz\u012bt trad\u012bcijas un cilv\u0113kus.\u201d<\/p>\n<p>Ervins Orlovs: \u201cEs noteikti ieteiktu piedal\u012bties Eiropas Parlamenta V\u0113stnieku skolas aktivit\u0101t\u0113s, jo t\u0101 ir iesp\u0113ja ne tikai ieg\u016bt zin\u0101\u0161anas par Eiropas Savien\u012bbu, bet ar\u012b satikt interesantus cilv\u0113kus un att\u012bst\u012bt savas komunik\u0101cijas un sadarb\u012bbas prasmes.\u201d<\/p>\n<p>Paula Esmeralda Deksne: \u201cMan patika tas, ka m\u0113s ne tikai apmekl\u0113j\u0101m Eiropas Parlamentu, bet ar\u012b bija iesp\u0113ja redz\u0113t v\u0113l nebiju\u0161as vietas un aprun\u0101ties ar viet\u0113jiem. Tas man sniedza pla\u0161\u0101ku redzesloku uz Eiropas da\u017e\u0101d\u012bbu un lepnumu par iesp\u0113ju \u0161eit dz\u012bvot.\u201d<\/p>\n<p>El\u012bna \u0160arigina: \u201cBija nov\u0113rojama pas\u0101kuma laba organiz\u0113t\u012bba, cik daudz p\u016b\u013cu bija ieguld\u012bts, lai nodro\u0161in\u0101tu jaunie\u0161iem komfortablu vidi, iesp\u0113ju daudzu valstu p\u0101rst\u0101vjiem paust domas dzimtaj\u0101 valod\u0101, k\u0101 ar\u012b t\u0101d\u0101 gad\u012bjum\u0101 sniegt tulkojumu p\u0101r\u0113jiem jaunie\u0161iem, neradot neizpratni vi\u0146u vid\u016b, bet gan uzsverot ES rakstur\u012bgo daudzveid\u012bbu.\u201d<\/p>\n<p>Nikola Princova: \u201cJaunie\u0161iem, kas v\u0113l nepiedal\u0101s Eiropas Parlamenta V\u0113stnieku skolas aktivit\u0101t\u0113s, es noteikti ieteiktu to s\u0101kt dar\u012bt, jo t\u0101 ir \u013coti lieliska iesp\u0113ja apg\u016bt daudz jauna par Eiropas Parlamenta darb\u012bbu un politiku kopum\u0101, k\u0101 ar\u012b lieliski pavad\u012bt laiku, veidojot j\u0113gpilnus un satur\u012bgus projektus un satiekot l\u012bdz\u012bgi dom\u0101jo\u0161us jaunie\u0161us.\u201d<\/p>\n<p>Amanda Ludbor\u017ea: \u201cEs 100% ieteiktu jaunie\u0161iem piedal\u012bties EP v\u0113stnieku skol\u0101, t\u0101 ir lieliska iesp\u0113ja papla\u0161in\u0101t savu redzesloku un uzzin\u0101t vair\u0101k par politiskajiem procesiem, kas ietekm\u0113 ar\u012b m\u016bsu dz\u012bvi.\u201d<\/p>\n<p>Austra Jakovela: \u201cMans iespaids par pas\u0101kumu jaunie\u0161iem EP ir tikai pozit\u012bvs un atst\u0101ja kr\u0101\u0161\u0146as atmi\u0146as. Pats pas\u0101kums bija \u013coti labi organiz\u0113ts, interakt\u012bvs un pasniegts \u013coti uzrun\u0101jo\u0161\u0101 form\u0101t\u0101 jaunie\u0161iem.\u201d<\/p>\n<p>Ing\u016bna Buldure: \u201c&#8221;Euroscola&#8221; pas\u0101kums ir lieliska iesp\u0113ja jaunie\u0161iem g\u016bt pirmo ieskatu Eiropas Parlamenta darb\u012bb\u0101 un politik\u0101. Es sajutu \u0161aj\u0101 pas\u0101kum\u0101 vienot\u012bbas garu, kop\u0101 ar citiem jaunie\u0161iem no da\u017e\u0101d\u0101m valst\u012bm apsprie\u017eot aktu\u0101l\u0101k\u0101s probl\u0113mas.\u201d<\/p>\n<p>Agnese Ivsi\u0146a: \u201cVisa brauciena laik\u0101 man patika tik\u0161an\u0101s ar deput\u0101tiem, kult\u016bras pieredze, iedvesmojo\u0161a atmosf\u0113ra, jaunas zin\u0101\u0161anas un pieredze.\u201d<\/p>\n<p>Elizabete Daugule: \u201cMan \u013coti patika &#8220;Euroscola&#8221; pas\u0101kums, tas sniedza lielisku iesp\u0113ju iejusties politi\u0137a lom\u0101 un paust savu viedokli, k\u0101 ar\u012b brauciena laik\u0101 apskat\u012bt\u0101s pils\u0113tas &#8211; Dr\u0113zdene, Strasb\u016bra, Roternburga un Pr\u0101ga.\u201d<\/p>\n<p>Esam p\u0101rliecin\u0101ti, ka ieg\u016bt\u0101s zin\u0101\u0161anas un prasmes iedvesmos m\u016bsu skol\u0113nus k\u013c\u016bt par akt\u012bviem un atbild\u012bgiem sabiedr\u012bbas locek\u013ciem.<\/p>\n<p>Sagatavoja Elza P\u0101\u017ea,<br \/>\npas\u0101kuma \u012bstenot\u0101ja un organiz\u0113t\u0101ja,<br \/>\nR\u0113zeknes Valsts 1.\u0123imn\u0101zijas v\u0113stures skolot\u0101ja<\/p>\n","protected":false},"excerpt":{"rendered":"<p>R\u0113zeknes Valsts 1. \u0123imn\u0101zijas skol\u0113niem un skolot\u0101j\u0101m Elzai P\u0101\u017eai un Indrai Gail\u012btei bija unik\u0101la iesp\u0113ja piedal\u012bties &#8220;Euroscola&#8221; pas\u0101kum\u0101, kas notika Eiropas Parlament\u0101 Strasb\u016br\u0101. \u0160is pas\u0101kums pulc\u0113 jaunie\u0161us no da\u017e\u0101d\u0101m Eiropas Savien\u012bbas valst\u012bm, sniedzot iesp\u0113ju iejusties Eiropas Parlamenta deput\u0101tu lom\u0101. Dal\u012bba pas\u0101kum\u0101 &#8220;Euroscola&#8221; att\u012bst\u012bja skol\u0113nu prasmes vair\u0101kos l\u012bme\u0146os. Deba\u0161u, argument\u0101cijas un sadarb\u012bbas iema\u0146as tika pilnveidotas, str\u0101d\u0101jot kop\u0101 ar vienaud\u017eiem no cit\u0101m valst\u012bm, risinot aktu\u0101lus Eiropas m\u0113roga jaut\u0101jumus un mekl\u0113jot risin\u0101jumus kop\u012bgiem izaicin\u0101jumiem. Diskusiju laik\u0101 skol\u0113ni saprata, cik noz\u012bm\u012bga ir cie\u0146a pret da\u017e\u0101diem viedok\u013ciem un kult\u016br\u0101m, k\u0101 ar\u012b sp\u0113ja pie\u0146emt p\u0101rdom\u0101tus l\u0113mumus. \u0160is brauciens bija ne tikai v\u0113rt\u012bgs akad\u0113miski, bet ar\u012b person\u012bbas izaugsmei. Skol\u0113ni iem\u0101c\u012bj\u0101s uz\u0146emties iniciat\u012bvu, b\u016bt atbild\u012bgiem un izprast demokr\u0101tijas pamatprincipus praks\u0113. Apmekl\u0113jot Eiropas Parlamentu, vi\u0146i guva dzi\u013c\u0101ku izpratni par l\u0113mumu pie\u0146em\u0161anas procesiem Eiropas Savien\u012bb\u0101 un katra pilso\u0146a lomu \u0161aj\u0101 sist\u0113m\u0101. &#8220;Euroscola&#8221; bija ar\u012b neaizmirstams kult\u016bras piedz\u012bvojums. M\u016bsu skol\u0113ni iepazina (27.11.2024.-02.12.2024.)gan Strasb\u016bras, gan citu valstu v\u0113sturi un kult\u016bru, k\u0101 ar\u012b izveidoja jaunus draudz\u012bbas kontaktus ar jaunie\u0161iem no visas Eiropas. \u0160\u012b pieredze veicin\u0101ja pieder\u012bbas saj\u016btu Eiropai un stiprin\u0101ja vi\u0146u izpratni par kop\u012bg\u0101m v\u0113rt\u012bb\u0101m. Skol\u0113nu atzi\u0146as par dal\u012bbu pas\u0101kum\u0101 \u201cEuroscola\u201d. M\u0101rti\u0146\u0161 Mika\u017e\u0101ns: \u201cMani iespaidi par &#8220;Euroscola&#8221; pas\u0101kumu jaunie\u0161iem Eiropas Parlament\u0101 ir fantastiski. Ieejot parlamenta \u0113k\u0101, p\u0101r\u0146\u0113ma saj\u016bta, ka atrodos \u013coti noz\u012bm\u012bg\u0101 viet\u0101, kur tiek risin\u0101tas nopietnas politiskas debates un izstr\u0101d\u0101ti strat\u0113\u0123iski l\u0113mumi.\u201d Paula Duka\u013cska: \u201cPas\u0101kum\u0101 lab\u0101k sapratu, k\u0101 visp\u0101r str\u0101d\u0101 Eiropas Parlaments un ka l\u0113mumus pie\u0146emt nav nemaz tik viegli, tas ir nopietns process.\u201d Krist\u012bne Kra\u010dus: \u201cBrauciens bija \u013coti v\u0113rt\u012bgs, jo tas \u013c\u0101va raudz\u012bties uz da\u017e\u0101du valstu kult\u016bru, k\u0101 ar\u012b apskat\u012bt citu valstu arhitekt\u016bru, iepaz\u012bt trad\u012bcijas un cilv\u0113kus.\u201d Ervins Orlovs: \u201cEs noteikti ieteiktu piedal\u012bties Eiropas Parlamenta V\u0113stnieku skolas aktivit\u0101t\u0113s, jo t\u0101 ir iesp\u0113ja ne tikai ieg\u016bt zin\u0101\u0161anas par Eiropas Savien\u012bbu, bet ar\u012b satikt interesantus cilv\u0113kus un att\u012bst\u012bt savas komunik\u0101cijas un sadarb\u012bbas prasmes.\u201d Paula Esmeralda Deksne: \u201cMan patika tas, ka m\u0113s ne tikai apmekl\u0113j\u0101m Eiropas Parlamentu, bet ar\u012b bija iesp\u0113ja redz\u0113t v\u0113l nebiju\u0161as vietas un aprun\u0101ties ar viet\u0113jiem. Tas man sniedza pla\u0161\u0101ku redzesloku uz Eiropas da\u017e\u0101d\u012bbu un lepnumu par iesp\u0113ju \u0161eit dz\u012bvot.\u201d El\u012bna \u0160arigina: \u201cBija nov\u0113rojama pas\u0101kuma laba organiz\u0113t\u012bba, cik daudz p\u016b\u013cu bija ieguld\u012bts, lai nodro\u0161in\u0101tu jaunie\u0161iem komfortablu vidi, iesp\u0113ju daudzu valstu p\u0101rst\u0101vjiem paust domas dzimtaj\u0101 valod\u0101, k\u0101 ar\u012b t\u0101d\u0101 gad\u012bjum\u0101 sniegt tulkojumu p\u0101r\u0113jiem jaunie\u0161iem, neradot neizpratni vi\u0146u vid\u016b, bet gan uzsverot ES rakstur\u012bgo daudzveid\u012bbu.\u201d Nikola Princova: \u201cJaunie\u0161iem, kas v\u0113l nepiedal\u0101s Eiropas Parlamenta V\u0113stnieku skolas aktivit\u0101t\u0113s, es noteikti ieteiktu to s\u0101kt dar\u012bt, jo t\u0101 ir \u013coti lieliska iesp\u0113ja apg\u016bt daudz jauna par Eiropas Parlamenta darb\u012bbu un politiku kopum\u0101, k\u0101 ar\u012b lieliski pavad\u012bt laiku, veidojot j\u0113gpilnus un satur\u012bgus projektus un satiekot l\u012bdz\u012bgi dom\u0101jo\u0161us jaunie\u0161us.\u201d Amanda Ludbor\u017ea: \u201cEs 100% ieteiktu jaunie\u0161iem piedal\u012bties EP v\u0113stnieku skol\u0101, t\u0101 ir lieliska iesp\u0113ja papla\u0161in\u0101t savu redzesloku un uzzin\u0101t vair\u0101k par politiskajiem procesiem, kas ietekm\u0113 ar\u012b m\u016bsu dz\u012bvi.\u201d Austra Jakovela: \u201cMans iespaids par pas\u0101kumu jaunie\u0161iem EP ir tikai pozit\u012bvs un atst\u0101ja kr\u0101\u0161\u0146as atmi\u0146as. Pats pas\u0101kums bija \u013coti labi organiz\u0113ts, interakt\u012bvs un pasniegts \u013coti uzrun\u0101jo\u0161\u0101 form\u0101t\u0101 jaunie\u0161iem.\u201d Ing\u016bna Buldure: \u201c&#8221;Euroscola&#8221; pas\u0101kums ir lieliska iesp\u0113ja jaunie\u0161iem g\u016bt pirmo ieskatu Eiropas Parlamenta darb\u012bb\u0101 un politik\u0101. Es sajutu \u0161aj\u0101 pas\u0101kum\u0101 vienot\u012bbas garu, kop\u0101 ar citiem jaunie\u0161iem no da\u017e\u0101d\u0101m valst\u012bm apsprie\u017eot aktu\u0101l\u0101k\u0101s probl\u0113mas.\u201d Agnese Ivsi\u0146a: \u201cVisa brauciena laik\u0101 man patika tik\u0161an\u0101s ar deput\u0101tiem, kult\u016bras pieredze, iedvesmojo\u0161a atmosf\u0113ra, jaunas zin\u0101\u0161anas un pieredze.\u201d Elizabete Daugule: \u201cMan \u013coti patika &#8220;Euroscola&#8221; pas\u0101kums, tas sniedza lielisku iesp\u0113ju iejusties politi\u0137a lom\u0101 un paust savu viedokli, k\u0101 ar\u012b brauciena laik\u0101 apskat\u012bt\u0101s pils\u0113tas &#8211; Dr\u0113zdene, Strasb\u016bra, Roternburga un Pr\u0101ga.\u201d Esam p\u0101rliecin\u0101ti, ka ieg\u016bt\u0101s zin\u0101\u0161anas un prasmes iedvesmos m\u016bsu skol\u0113nus k\u013c\u016bt par akt\u012bviem un atbild\u012bgiem sabiedr\u012bbas locek\u013ciem. Sagatavoja Elza P\u0101\u017ea, pas\u0101kuma \u012bstenot\u0101ja un organiz\u0113t\u0101ja, R\u0113zeknes Valsts 1.\u0123imn\u0101zijas v\u0113stures skolot\u0101ja<\/p>\n","protected":false},"author":4,"featured_media":8124,"comment_status":"closed","ping_status":"closed","sticky":false,"template":"","format":"standard","meta":{"footnotes":""},"categories":[62,1],"tags":[],"class_list":["post-8122","post","type-post","status-publish","format-standard","has-post-thumbnail","hentry","category-jaunumi","category-uncategorized"],"_links":{"self":[{"href":"https:\/\/rv1g.lv\/index.php\/wp-json\/wp\/v2\/posts\/8122","targetHints":{"allow":["GET"]}}],"collection":[{"href":"https:\/\/rv1g.lv\/index.php\/wp-json\/wp\/v2\/posts"}],"about":[{"href":"https:\/\/rv1g.lv\/index.php\/wp-json\/wp\/v2\/types\/post"}],"author":[{"embeddable":true,"href":"https:\/\/rv1g.lv\/index.php\/wp-json\/wp\/v2\/users\/4"}],"replies":[{"embeddable":true,"href":"https:\/\/rv1g.lv\/index.php\/wp-json\/wp\/v2\/comments?post=8122"}],"version-history":[{"count":4,"href":"https:\/\/rv1g.lv\/index.php\/wp-json\/wp\/v2\/posts\/8122\/revisions"}],"predecessor-version":[{"id":8128,"href":"https:\/\/rv1g.lv\/index.php\/wp-json\/wp\/v2\/posts\/8122\/revisions\/8128"}],"wp:featuredmedia":[{"embeddable":true,"href":"https:\/\/rv1g.lv\/index.php\/wp-json\/wp\/v2\/media\/8124"}],"wp:attachment":[{"href":"https:\/\/rv1g.lv\/index.php\/wp-json\/wp\/v2\/media?parent=8122"}],"wp:term":[{"taxonomy":"category","embeddable":true,"href":"https:\/\/rv1g.lv\/index.php\/wp-json\/wp\/v2\/categories?post=8122"},{"taxonomy":"post_tag","embeddable":true,"href":"https:\/\/rv1g.lv\/index.php\/wp-json\/wp\/v2\/tags?post=8122"}],"curies":[{"name":"wp","href":"https:\/\/api.w.org\/{rel}","templated":true}]}}