{"id":7891,"date":"2024-11-01T13:40:08","date_gmt":"2024-11-01T10:40:08","guid":{"rendered":"http:\/\/rv1g.lv\/?p=7891"},"modified":"2025-05-16T12:05:37","modified_gmt":"2025-05-16T09:05:37","slug":"erasmusdienas-2024","status":"publish","type":"post","link":"https:\/\/rv1g.lv\/index.php\/2024\/11\/01\/erasmusdienas-2024\/","title":{"rendered":"#ErasmusDienas\u00a02024"},"content":{"rendered":"<p>No 14. L\u012bdz 19. oktobrim, vis\u0101 Eirop\u0101, tostarp Latvij\u0101, norisin\u0101j\u0101s daudzveid\u012bgi pas\u0101kumi iniciat\u012bv\u0101 #<em>ErasmusDienas\u00a0<\/em>2024. \u0160aj\u0101s se\u0161\u0101s dien\u0101s\u00a0<em>Erasmus+<\/em> projektu \u012bstenot\u0101ji un profesion\u0101\u013cu t\u012bkli no visiem izgl\u012bt\u012bbas \u00a0sektoriem tika aicin\u0101ti atz\u012bm\u0113t Eiropas mobilit\u0101tes sv\u0113tkus un organiz\u0113t da\u017e\u0101dus pas\u0101kumus, daloties ar ieguvumiem no mobilit\u0101tes, <em>Erasmus+<\/em> projektu rezult\u0101tiem un pieredzes st\u0101stiem. R\u0113zeknes Valsts 1.\u0123imn\u0101zija, atsaucoties uz aicin\u0101jumu, izveidoja video prezent\u0101ciju un piedal\u012bj\u0101s ARPC &#8220;Zeimu\u013cs&#8221; r\u012bkotaj\u0101 pas\u0101kum\u0101, akcent\u0113jot \u010detras\u00a0<em>Erasmus<\/em>+ horizont\u0101laj\u0101m priorit\u0101tes: iek\u013cau\u0161ana un daudzveid\u012bba, digit\u0101l\u0101 p\u0101rveide, vide un klimata p\u0101rmai\u0146u nov\u0113r\u0161ana un l\u012bdzdal\u012bba demokr\u0101tiskajos procesos.<\/p>\n<p style=\"font-weight: 400;\"><img fetchpriority=\"high\" decoding=\"async\" class=\"alignnone size-medium wp-image-7892\" src=\"http:\/\/rv1g.lv\/wp-content\/uploads\/2024\/11\/IMG_3245-300x225.jpg\" alt=\"\" width=\"300\" height=\"225\" srcset=\"https:\/\/rv1g.lv\/wp-content\/uploads\/2024\/11\/IMG_3245-300x225.jpg 300w, https:\/\/rv1g.lv\/wp-content\/uploads\/2024\/11\/IMG_3245-1024x768.jpg 1024w, https:\/\/rv1g.lv\/wp-content\/uploads\/2024\/11\/IMG_3245-768x576.jpg 768w, https:\/\/rv1g.lv\/wp-content\/uploads\/2024\/11\/IMG_3245-1536x1152.jpg 1536w, https:\/\/rv1g.lv\/wp-content\/uploads\/2024\/11\/IMG_3245.jpg 2016w\" sizes=\"(max-width: 300px) 100vw, 300px\" \/>\u00a0 \u00a0 <img decoding=\"async\" class=\"alignnone size-medium wp-image-7893\" src=\"http:\/\/rv1g.lv\/wp-content\/uploads\/2024\/11\/IMG_3249-300x225.jpg\" alt=\"\" width=\"300\" height=\"225\" srcset=\"https:\/\/rv1g.lv\/wp-content\/uploads\/2024\/11\/IMG_3249-300x225.jpg 300w, https:\/\/rv1g.lv\/wp-content\/uploads\/2024\/11\/IMG_3249-1024x768.jpg 1024w, https:\/\/rv1g.lv\/wp-content\/uploads\/2024\/11\/IMG_3249-768x576.jpg 768w, https:\/\/rv1g.lv\/wp-content\/uploads\/2024\/11\/IMG_3249-1536x1152.jpg 1536w, https:\/\/rv1g.lv\/wp-content\/uploads\/2024\/11\/IMG_3249.jpg 2016w\" sizes=\"(max-width: 300px) 100vw, 300px\" \/><\/p>\n<p><img decoding=\"async\" src=\"http:\/\/rv1g.lv\/wp-content\/uploads\/2025\/03\/ERA-300x95.png\" alt=\"\" width=\"300\" height=\"95\" class=\"alignnone size-medium wp-image-8635\" srcset=\"https:\/\/rv1g.lv\/wp-content\/uploads\/2025\/03\/ERA-300x95.png 300w, https:\/\/rv1g.lv\/wp-content\/uploads\/2025\/03\/ERA.png 399w\" sizes=\"(max-width: 300px) 100vw, 300px\" \/><\/p>\n<p style=\"font-weight: 400;\">Pas\u0101kum\u0101 R\u0113zeknes Valsts 1.\u0123imn\u0101ziju p\u0101rst\u0101v\u0113ja Ren\u0101rs Grudinskis, Elziabete Ska\u010dkova, Santa Kroi\u010de un Samanta \u010cubare, projekta &#8220;The green key for life and learning&#8221; (2023-2-LV01-KA210_SCH-000177669) dal\u012bbnieki.<\/p>\n","protected":false},"excerpt":{"rendered":"<p>No 14. L\u012bdz 19. oktobrim, vis\u0101 Eirop\u0101, tostarp Latvij\u0101, norisin\u0101j\u0101s daudzveid\u012bgi pas\u0101kumi iniciat\u012bv\u0101 #ErasmusDienas\u00a02024. \u0160aj\u0101s se\u0161\u0101s dien\u0101s\u00a0Erasmus+ projektu \u012bstenot\u0101ji un profesion\u0101\u013cu t\u012bkli no visiem izgl\u012bt\u012bbas \u00a0sektoriem tika aicin\u0101ti atz\u012bm\u0113t Eiropas mobilit\u0101tes sv\u0113tkus un organiz\u0113t da\u017e\u0101dus pas\u0101kumus, daloties ar ieguvumiem no mobilit\u0101tes, Erasmus+ projektu rezult\u0101tiem un pieredzes st\u0101stiem. R\u0113zeknes Valsts 1.\u0123imn\u0101zija, atsaucoties uz aicin\u0101jumu, izveidoja video prezent\u0101ciju un piedal\u012bj\u0101s ARPC &#8220;Zeimu\u013cs&#8221; r\u012bkotaj\u0101 pas\u0101kum\u0101, akcent\u0113jot \u010detras\u00a0Erasmus+ horizont\u0101laj\u0101m priorit\u0101tes: iek\u013cau\u0161ana un daudzveid\u012bba, digit\u0101l\u0101 p\u0101rveide, vide un klimata p\u0101rmai\u0146u nov\u0113r\u0161ana un l\u012bdzdal\u012bba demokr\u0101tiskajos procesos. \u00a0 \u00a0 Pas\u0101kum\u0101 R\u0113zeknes Valsts 1.\u0123imn\u0101ziju p\u0101rst\u0101v\u0113ja Ren\u0101rs Grudinskis, Elziabete Ska\u010dkova, Santa Kroi\u010de un Samanta \u010cubare, projekta &#8220;The green key for life and learning&#8221; (2023-2-LV01-KA210_SCH-000177669) dal\u012bbnieki.<\/p>\n","protected":false},"author":4,"featured_media":0,"comment_status":"closed","ping_status":"closed","sticky":false,"template":"","format":"standard","meta":{"footnotes":""},"categories":[1],"tags":[],"class_list":["post-7891","post","type-post","status-publish","format-standard","hentry","category-uncategorized","post-no-thumbnail"],"_links":{"self":[{"href":"https:\/\/rv1g.lv\/index.php\/wp-json\/wp\/v2\/posts\/7891","targetHints":{"allow":["GET"]}}],"collection":[{"href":"https:\/\/rv1g.lv\/index.php\/wp-json\/wp\/v2\/posts"}],"about":[{"href":"https:\/\/rv1g.lv\/index.php\/wp-json\/wp\/v2\/types\/post"}],"author":[{"embeddable":true,"href":"https:\/\/rv1g.lv\/index.php\/wp-json\/wp\/v2\/users\/4"}],"replies":[{"embeddable":true,"href":"https:\/\/rv1g.lv\/index.php\/wp-json\/wp\/v2\/comments?post=7891"}],"version-history":[{"count":4,"href":"https:\/\/rv1g.lv\/index.php\/wp-json\/wp\/v2\/posts\/7891\/revisions"}],"predecessor-version":[{"id":8638,"href":"https:\/\/rv1g.lv\/index.php\/wp-json\/wp\/v2\/posts\/7891\/revisions\/8638"}],"wp:attachment":[{"href":"https:\/\/rv1g.lv\/index.php\/wp-json\/wp\/v2\/media?parent=7891"}],"wp:term":[{"taxonomy":"category","embeddable":true,"href":"https:\/\/rv1g.lv\/index.php\/wp-json\/wp\/v2\/categories?post=7891"},{"taxonomy":"post_tag","embeddable":true,"href":"https:\/\/rv1g.lv\/index.php\/wp-json\/wp\/v2\/tags?post=7891"}],"curies":[{"name":"wp","href":"https:\/\/api.w.org\/{rel}","templated":true}]}}