{"id":7651,"date":"2024-10-18T12:03:33","date_gmt":"2024-10-18T09:03:33","guid":{"rendered":"http:\/\/rv1g.lv\/?p=7651"},"modified":"2024-10-18T12:03:33","modified_gmt":"2024-10-18T09:03:33","slug":"valoda-ka-identitates-apliecinajums","status":"publish","type":"post","link":"https:\/\/rv1g.lv\/index.php\/2024\/10\/18\/valoda-ka-identitates-apliecinajums\/","title":{"rendered":"Valoda k\u0101 identit\u0101tes apliecin\u0101jums."},"content":{"rendered":"<p>9.oktobr\u012b\u00a0 R\u0113zeknes\u00a0 Valsts 1.\u0123imn\u0101zij\u0101 notika nodarb\u012bbas sadarb\u012bb\u0101 ar R\u0113zeknes Tehnolo\u0123iju akad\u0113miju\u00a0 par <strong>valodu k\u0101 m\u016bsu identit\u0101tes apliecin\u0101jumu<\/strong>. Nodarb\u012bbas 10.a, 11.a, 12.d., 12.e un 11.d klas\u0113m vad\u012bja profesore Sanita Martena. Skol\u0113ni z\u012bm\u0113ja savu \u201cvalodu portretu\u201d, prezent\u0113ja to ,diskut\u0113ja par valodu dz\u012bvotsp\u0113ju, uzzin\u0101ja par pasaules valod\u0101m un dialektiem. Lektore uzsv\u0113ra, ka \u201cvaloda ir cilv\u0113ks\u201d. Valoda dz\u012bvo, kam\u0113r ir, kas taj\u0101 run\u0101.<\/p>\n<p>Z\u012bm\u012bgi, ka nodarb\u012bbas tika organiz\u0113tas <strong>Karjeras ned\u0113\u013cas<\/strong> laik\u0101, kad tiek akcent\u0113ta cilv\u0113ka individualit\u0101te, \u00a0sp\u0113ja pie\u0146emt da\u017e\u0101do, t.sk. ar\u012b\u00a0 valodu at\u0161\u0137ir\u012bbas. Katram ir sava valoda, sava pat\u012bba, caur valodas prizmu katrs no mums redz pasauli.<\/p>\n<p>Paldies RTA\u00a0 un profesorei S.Martenai par satur\u012bgaj\u0101m nodarb\u012bb\u0101m! Ceram uz turpm\u0101ko sadarb\u012bbu!<\/p>\n","protected":false},"excerpt":{"rendered":"<p>9.oktobr\u012b\u00a0 R\u0113zeknes\u00a0 Valsts 1.\u0123imn\u0101zij\u0101 notika nodarb\u012bbas sadarb\u012bb\u0101 ar R\u0113zeknes Tehnolo\u0123iju akad\u0113miju\u00a0 par valodu k\u0101 m\u016bsu identit\u0101tes apliecin\u0101jumu. Nodarb\u012bbas 10.a, 11.a, 12.d., 12.e un 11.d klas\u0113m vad\u012bja profesore Sanita Martena. Skol\u0113ni z\u012bm\u0113ja savu \u201cvalodu portretu\u201d, prezent\u0113ja to ,diskut\u0113ja par valodu dz\u012bvotsp\u0113ju, uzzin\u0101ja par pasaules valod\u0101m un dialektiem. Lektore uzsv\u0113ra, ka \u201cvaloda ir cilv\u0113ks\u201d. Valoda dz\u012bvo, kam\u0113r ir, kas taj\u0101 run\u0101. Z\u012bm\u012bgi, ka nodarb\u012bbas tika organiz\u0113tas Karjeras ned\u0113\u013cas laik\u0101, kad tiek akcent\u0113ta cilv\u0113ka individualit\u0101te, \u00a0sp\u0113ja pie\u0146emt da\u017e\u0101do, t.sk. ar\u012b\u00a0 valodu at\u0161\u0137ir\u012bbas. Katram ir sava valoda, sava pat\u012bba, caur valodas prizmu katrs no mums redz pasauli. Paldies RTA\u00a0 un profesorei S.Martenai par satur\u012bgaj\u0101m nodarb\u012bb\u0101m! Ceram uz turpm\u0101ko sadarb\u012bbu!<\/p>\n","protected":false},"author":1,"featured_media":7652,"comment_status":"closed","ping_status":"closed","sticky":false,"template":"","format":"standard","meta":{"footnotes":""},"categories":[62,61],"tags":[],"class_list":["post-7651","post","type-post","status-publish","format-standard","has-post-thumbnail","hentry","category-jaunumi","category-karjeras-izglitiba"],"_links":{"self":[{"href":"https:\/\/rv1g.lv\/index.php\/wp-json\/wp\/v2\/posts\/7651","targetHints":{"allow":["GET"]}}],"collection":[{"href":"https:\/\/rv1g.lv\/index.php\/wp-json\/wp\/v2\/posts"}],"about":[{"href":"https:\/\/rv1g.lv\/index.php\/wp-json\/wp\/v2\/types\/post"}],"author":[{"embeddable":true,"href":"https:\/\/rv1g.lv\/index.php\/wp-json\/wp\/v2\/users\/1"}],"replies":[{"embeddable":true,"href":"https:\/\/rv1g.lv\/index.php\/wp-json\/wp\/v2\/comments?post=7651"}],"version-history":[{"count":1,"href":"https:\/\/rv1g.lv\/index.php\/wp-json\/wp\/v2\/posts\/7651\/revisions"}],"predecessor-version":[{"id":7653,"href":"https:\/\/rv1g.lv\/index.php\/wp-json\/wp\/v2\/posts\/7651\/revisions\/7653"}],"wp:featuredmedia":[{"embeddable":true,"href":"https:\/\/rv1g.lv\/index.php\/wp-json\/wp\/v2\/media\/7652"}],"wp:attachment":[{"href":"https:\/\/rv1g.lv\/index.php\/wp-json\/wp\/v2\/media?parent=7651"}],"wp:term":[{"taxonomy":"category","embeddable":true,"href":"https:\/\/rv1g.lv\/index.php\/wp-json\/wp\/v2\/categories?post=7651"},{"taxonomy":"post_tag","embeddable":true,"href":"https:\/\/rv1g.lv\/index.php\/wp-json\/wp\/v2\/tags?post=7651"}],"curies":[{"name":"wp","href":"https:\/\/api.w.org\/{rel}","templated":true}]}}