{"id":7521,"date":"2024-10-09T23:14:30","date_gmt":"2024-10-09T20:14:30","guid":{"rendered":"http:\/\/rv1g.lv\/?p=7521"},"modified":"2024-10-09T23:14:55","modified_gmt":"2024-10-09T20:14:55","slug":"sarunas-par-empatiju","status":"publish","type":"post","link":"https:\/\/rv1g.lv\/index.php\/2024\/10\/09\/sarunas-par-empatiju\/","title":{"rendered":"Sarunas par emp\u0101tiju"},"content":{"rendered":"<p>#KarjerasNed\u0113\u013ca un #KarjerasNed\u0113\u013ca2024<\/p>\n<p>\u0100rsta profesij\u0101 emp\u0101tija ir viena no prasm\u0113m, bez kuras neiztikt, \u2014 pacients sagaida, ka vi\u0146u uzklaus\u012bs, saprat\u012bs, jut\u012bs l\u012bdzi, t\u0101p\u0113c \u201cKarjeras ned\u0113\u013cas\u201d ietvaros R\u0113zeknes Valsts 1.\u0123imn\u0101zijas 12.a klases skol\u0113ni, kas n\u0101kotni v\u0113las saist\u012bt ar medic\u012bnu , tik\u0101s ar pediatri , SIA \u201cVesel\u012bbas veicin\u0101\u0161anas centra \u201dvad\u012bt\u0101ju Je\u013cenu Danilovu.<\/p>\n<p>Pediatre dal\u012bj\u0101s pieredz\u0113 par savu karjeras ce\u013cu, par to, k\u0101 izv\u0113l\u0113j\u0101s k\u013c\u016bt par pediatri, ar k\u0101diem izaicin\u0101jumiem n\u0101c\u0101s saskarties m\u0101coties un praktiz\u0113jot, kas j\u0101\u0146em v\u0113r\u0101, izv\u0113loties b\u016bt par medi\u0137i.<\/p>\n<p>Jaunie\u0161i akt\u012bvi l\u012bdzdarboj\u0101s, jaut\u0101ja un sa\u0146\u0113ma atbildes.<\/p>\n<p><strong>Galven\u0101 atzi\u0146a- izv\u0113l\u0113ties profesiju , kas aizrauj, m\u0101c\u012bties, censties un tic\u0113t sev!<\/strong><\/p>\n<p>Paldies \u0101rstei par iedvesmojo\u0161o sarunu!<\/p>\n<p><strong>Pievieno savu cit\u0101tu par emp\u0101tiju!<\/strong><\/p>\n<div id='gallery-1' class='gallery galleryid-7521 gallery-columns-1 gallery-size-medium'><figure class='gallery-item'>\n\t\t\t<div class='gallery-icon landscape'>\n\t\t\t\t<a href='https:\/\/rv1g.lv\/wp-content\/uploads\/2024\/10\/Picture2-1.jpg'><img fetchpriority=\"high\" decoding=\"async\" width=\"300\" height=\"292\" src=\"https:\/\/rv1g.lv\/wp-content\/uploads\/2024\/10\/Picture2-1-300x292.jpg\" class=\"attachment-medium size-medium\" alt=\"\" srcset=\"https:\/\/rv1g.lv\/wp-content\/uploads\/2024\/10\/Picture2-1-300x292.jpg 300w, https:\/\/rv1g.lv\/wp-content\/uploads\/2024\/10\/Picture2-1-1024x997.jpg 1024w, https:\/\/rv1g.lv\/wp-content\/uploads\/2024\/10\/Picture2-1-768x748.jpg 768w, https:\/\/rv1g.lv\/wp-content\/uploads\/2024\/10\/Picture2-1.jpg 1188w\" sizes=\"(max-width: 300px) 100vw, 300px\" \/><\/a>\n\t\t\t<\/div><\/figure>\n\t\t<\/div>\n\n","protected":false},"excerpt":{"rendered":"<p>#KarjerasNed\u0113\u013ca un #KarjerasNed\u0113\u013ca2024 \u0100rsta profesij\u0101 emp\u0101tija ir viena no prasm\u0113m, bez kuras neiztikt, \u2014 pacients sagaida, ka vi\u0146u uzklaus\u012bs, saprat\u012bs, jut\u012bs l\u012bdzi, t\u0101p\u0113c \u201cKarjeras ned\u0113\u013cas\u201d ietvaros R\u0113zeknes Valsts 1.\u0123imn\u0101zijas 12.a klases skol\u0113ni, kas n\u0101kotni v\u0113las saist\u012bt ar medic\u012bnu , tik\u0101s ar pediatri , SIA \u201cVesel\u012bbas veicin\u0101\u0161anas centra \u201dvad\u012bt\u0101ju Je\u013cenu Danilovu. Pediatre dal\u012bj\u0101s pieredz\u0113 par savu karjeras ce\u013cu, par to, k\u0101 izv\u0113l\u0113j\u0101s k\u013c\u016bt par pediatri, ar k\u0101diem izaicin\u0101jumiem n\u0101c\u0101s saskarties m\u0101coties un praktiz\u0113jot, kas j\u0101\u0146em v\u0113r\u0101, izv\u0113loties b\u016bt par medi\u0137i. Jaunie\u0161i akt\u012bvi l\u012bdzdarboj\u0101s, jaut\u0101ja un sa\u0146\u0113ma atbildes. Galven\u0101 atzi\u0146a- izv\u0113l\u0113ties profesiju , kas aizrauj, m\u0101c\u012bties, censties un tic\u0113t sev! Paldies \u0101rstei par iedvesmojo\u0161o sarunu! Pievieno savu cit\u0101tu par emp\u0101tiju!<\/p>\n","protected":false},"author":1,"featured_media":7523,"comment_status":"closed","ping_status":"closed","sticky":false,"template":"","format":"standard","meta":{"footnotes":""},"categories":[62,61],"tags":[],"class_list":["post-7521","post","type-post","status-publish","format-standard","has-post-thumbnail","hentry","category-jaunumi","category-karjeras-izglitiba"],"_links":{"self":[{"href":"https:\/\/rv1g.lv\/index.php\/wp-json\/wp\/v2\/posts\/7521","targetHints":{"allow":["GET"]}}],"collection":[{"href":"https:\/\/rv1g.lv\/index.php\/wp-json\/wp\/v2\/posts"}],"about":[{"href":"https:\/\/rv1g.lv\/index.php\/wp-json\/wp\/v2\/types\/post"}],"author":[{"embeddable":true,"href":"https:\/\/rv1g.lv\/index.php\/wp-json\/wp\/v2\/users\/1"}],"replies":[{"embeddable":true,"href":"https:\/\/rv1g.lv\/index.php\/wp-json\/wp\/v2\/comments?post=7521"}],"version-history":[{"count":2,"href":"https:\/\/rv1g.lv\/index.php\/wp-json\/wp\/v2\/posts\/7521\/revisions"}],"predecessor-version":[{"id":7525,"href":"https:\/\/rv1g.lv\/index.php\/wp-json\/wp\/v2\/posts\/7521\/revisions\/7525"}],"wp:featuredmedia":[{"embeddable":true,"href":"https:\/\/rv1g.lv\/index.php\/wp-json\/wp\/v2\/media\/7523"}],"wp:attachment":[{"href":"https:\/\/rv1g.lv\/index.php\/wp-json\/wp\/v2\/media?parent=7521"}],"wp:term":[{"taxonomy":"category","embeddable":true,"href":"https:\/\/rv1g.lv\/index.php\/wp-json\/wp\/v2\/categories?post=7521"},{"taxonomy":"post_tag","embeddable":true,"href":"https:\/\/rv1g.lv\/index.php\/wp-json\/wp\/v2\/tags?post=7521"}],"curies":[{"name":"wp","href":"https:\/\/api.w.org\/{rel}","templated":true}]}}