{"id":7400,"date":"2024-10-01T09:16:41","date_gmt":"2024-10-01T06:16:41","guid":{"rendered":"http:\/\/rv1g.lv\/?p=7400"},"modified":"2024-10-07T20:17:15","modified_gmt":"2024-10-07T17:17:15","slug":"karjeras-nedelas-devize-izglitiba-un-karjera-ikvienam","status":"publish","type":"post","link":"https:\/\/rv1g.lv\/index.php\/2024\/10\/01\/karjeras-nedelas-devize-izglitiba-un-karjera-ikvienam\/","title":{"rendered":"Karjeras ned\u0113\u013cas dev\u012bze &#8220;Izgl\u012bt\u012bba un karjera ikvienam&#8221;"},"content":{"rendered":"<p>Velt\u012bta iek\u013caujo\u0161as sabiedr\u012bbas veido\u0161anai, kur\u0101 ikvienam neatkar\u012bgi no dzimuma, vecuma, vesel\u012bbas st\u0101vok\u013ca ir iesp\u0113jas un\u00a0 ties\u012bbas izv\u0113l\u0113ties, pl\u0101not un \u012bstenot sev atbilsto\u0161u izgl\u012bt\u012bbu un karjeru.<\/p>\n<p>R\u0113zeknes\u00a0 Valsts 1.\u0123imn\u0101zijas \u00a0pas\u0101kumi <strong>\u201cKarjeras ned\u0113\u013cas\u201d<\/strong> ietvaros:<\/p>\n<p>-nodarb\u012bba sadarb\u012bb\u0101 ar RTA par \u00a0\u201cMana karjera\u201d-<em>jaunietis izv\u0113les priek\u0161\u0101- k\u0101 neapjukt, ja\u00a0 ir k\u0101di \u0161\u0137\u0113r\u0161\u013ci- valodas barjera, finansi\u0101las probl\u0113mas,\u00a0 saskarsmes gr\u016bt\u012bbas\u00a0 u.tml.- t\u0101tad no izaicin\u0101juma l\u012bdz risin\u0101jumam-<strong>lektore-\u00a0 profesore Iluta Arbid\u0101ne<\/strong><\/em><\/p>\n<p><em><strong>&#8211; <\/strong>saruna ar <strong>priesteri un Zemessardzes kapel\u0101nu\u00a0 Rinaldu Broku<\/strong>&#8211; par emp\u0101tiju , v\u0113rt\u012bb\u0101m <\/em><\/p>\n<p><em>&#8211; aktivit\u0101te <\/em><strong><em>&#8220;Br\u012bvpr\u0101t\u012bg\u0101 darba noz\u012bme un iesp\u0113jas&#8221; sadarb\u012bb\u0101 ar ARPC, vada jaunatnes lietu speci\u0101liste Eleonora Ivanova<\/em><\/strong><\/p>\n<p><strong><em>&#8211; <\/em><\/strong><strong><em>karjeras stunda par \u0101rsta profesiju un emp\u0101tiju \u2013 tik\u0161an\u0101s ar pediatri Je\u013cenu Da\u0146ilovu<\/em><\/strong><\/p>\n<p><strong><em>&#8211; m\u0101c\u012bbu stunda par vienl\u012bdz\u012bg\u0101m ties\u012bb\u0101m darba tirg\u016b- <\/em><\/strong><strong><em>tie\u0161saist\u0113, lektors Ivo Krievs, \u201cTur\u012bba\u201d Juridisk\u0101s fakult\u0101tes dek\u0101ns<\/em><\/strong><\/p>\n<p><strong><em>VIAA publiska diskusija \u00a0skol\u0113nu vec\u0101kiem<\/em><\/strong><strong><em> un citiem interesentiem <\/em><\/strong><em>\u201c<strong>M\u0101c\u012b\u0161an\u0101s m\u016b\u017ea garum\u0101 \u2013 vai nepiecie\u0161ama un pieejama?\u201d<\/strong><\/em> <em>par m\u016b\u017eizgl\u012bt\u012bbas kult\u016bru Latvij\u0101 un labo praksi nodarbin\u0101to iesaist\u0113 pieaugu\u0161o izgl\u012bt\u012bb\u0101-tie\u0161saist\u0113<\/em><\/p>\n<p><strong><em>Emp\u0101tijas<\/em><\/strong><em> t\u0113mai velt\u012bti pas\u0101kumi klas\u0113s \/ labo darbu akcijas, emp\u0101tijas cit\u0101tu sienas, pozit\u012bvo v\u0113stu\u013cu kastes u.c.\/<\/em><\/p>\n<p><strong><em>Viktor\u012bnas \u2013 diskusijas<\/em><\/strong><em> par profesiju stereotipiem klas\u0113s.<\/em><\/p>\n<p><strong>#KarjerasNed\u0113\u013ca<\/strong> un <strong>#KarjerasNed\u0113\u013ca2024<\/strong><\/p>\n","protected":false},"excerpt":{"rendered":"<p>Velt\u012bta iek\u013caujo\u0161as sabiedr\u012bbas veido\u0161anai, kur\u0101 ikvienam neatkar\u012bgi no dzimuma, vecuma, vesel\u012bbas st\u0101vok\u013ca ir iesp\u0113jas un\u00a0 ties\u012bbas izv\u0113l\u0113ties, pl\u0101not un \u012bstenot sev atbilsto\u0161u izgl\u012bt\u012bbu un karjeru. R\u0113zeknes\u00a0 Valsts 1.\u0123imn\u0101zijas \u00a0pas\u0101kumi \u201cKarjeras ned\u0113\u013cas\u201d ietvaros: -nodarb\u012bba sadarb\u012bb\u0101 ar RTA par \u00a0\u201cMana karjera\u201d-jaunietis izv\u0113les priek\u0161\u0101- k\u0101 neapjukt, ja\u00a0 ir k\u0101di \u0161\u0137\u0113r\u0161\u013ci- valodas barjera, finansi\u0101las probl\u0113mas,\u00a0 saskarsmes gr\u016bt\u012bbas\u00a0 u.tml.- t\u0101tad no izaicin\u0101juma l\u012bdz risin\u0101jumam-lektore-\u00a0 profesore Iluta Arbid\u0101ne &#8211; saruna ar priesteri un Zemessardzes kapel\u0101nu\u00a0 Rinaldu Broku&#8211; par emp\u0101tiju , v\u0113rt\u012bb\u0101m &#8211; aktivit\u0101te &#8220;Br\u012bvpr\u0101t\u012bg\u0101 darba noz\u012bme un iesp\u0113jas&#8221; sadarb\u012bb\u0101 ar ARPC, vada jaunatnes lietu speci\u0101liste Eleonora Ivanova &#8211; karjeras stunda par \u0101rsta profesiju un emp\u0101tiju \u2013 tik\u0161an\u0101s ar pediatri Je\u013cenu Da\u0146ilovu &#8211; m\u0101c\u012bbu stunda par vienl\u012bdz\u012bg\u0101m ties\u012bb\u0101m darba tirg\u016b- tie\u0161saist\u0113, lektors Ivo Krievs, \u201cTur\u012bba\u201d Juridisk\u0101s fakult\u0101tes dek\u0101ns VIAA publiska diskusija \u00a0skol\u0113nu vec\u0101kiem un citiem interesentiem \u201cM\u0101c\u012b\u0161an\u0101s m\u016b\u017ea garum\u0101 \u2013 vai nepiecie\u0161ama un pieejama?\u201d par m\u016b\u017eizgl\u012bt\u012bbas kult\u016bru Latvij\u0101 un labo praksi nodarbin\u0101to iesaist\u0113 pieaugu\u0161o izgl\u012bt\u012bb\u0101-tie\u0161saist\u0113 Emp\u0101tijas t\u0113mai velt\u012bti pas\u0101kumi klas\u0113s \/ labo darbu akcijas, emp\u0101tijas cit\u0101tu sienas, pozit\u012bvo v\u0113stu\u013cu kastes u.c.\/ Viktor\u012bnas \u2013 diskusijas par profesiju stereotipiem klas\u0113s. #KarjerasNed\u0113\u013ca un #KarjerasNed\u0113\u013ca2024<\/p>\n","protected":false},"author":1,"featured_media":7401,"comment_status":"closed","ping_status":"closed","sticky":false,"template":"","format":"standard","meta":{"footnotes":""},"categories":[62,61],"tags":[],"class_list":["post-7400","post","type-post","status-publish","format-standard","has-post-thumbnail","hentry","category-jaunumi","category-karjeras-izglitiba"],"_links":{"self":[{"href":"https:\/\/rv1g.lv\/index.php\/wp-json\/wp\/v2\/posts\/7400","targetHints":{"allow":["GET"]}}],"collection":[{"href":"https:\/\/rv1g.lv\/index.php\/wp-json\/wp\/v2\/posts"}],"about":[{"href":"https:\/\/rv1g.lv\/index.php\/wp-json\/wp\/v2\/types\/post"}],"author":[{"embeddable":true,"href":"https:\/\/rv1g.lv\/index.php\/wp-json\/wp\/v2\/users\/1"}],"replies":[{"embeddable":true,"href":"https:\/\/rv1g.lv\/index.php\/wp-json\/wp\/v2\/comments?post=7400"}],"version-history":[{"count":1,"href":"https:\/\/rv1g.lv\/index.php\/wp-json\/wp\/v2\/posts\/7400\/revisions"}],"predecessor-version":[{"id":7408,"href":"https:\/\/rv1g.lv\/index.php\/wp-json\/wp\/v2\/posts\/7400\/revisions\/7408"}],"wp:featuredmedia":[{"embeddable":true,"href":"https:\/\/rv1g.lv\/index.php\/wp-json\/wp\/v2\/media\/7401"}],"wp:attachment":[{"href":"https:\/\/rv1g.lv\/index.php\/wp-json\/wp\/v2\/media?parent=7400"}],"wp:term":[{"taxonomy":"category","embeddable":true,"href":"https:\/\/rv1g.lv\/index.php\/wp-json\/wp\/v2\/categories?post=7400"},{"taxonomy":"post_tag","embeddable":true,"href":"https:\/\/rv1g.lv\/index.php\/wp-json\/wp\/v2\/tags?post=7400"}],"curies":[{"name":"wp","href":"https:\/\/api.w.org\/{rel}","templated":true}]}}